{"id":26892,"date":"2025-11-17T11:34:20","date_gmt":"2025-11-17T10:34:20","guid":{"rendered":"https:\/\/isve.com\/nouvelles\/essiccatoio-sottovuoto-per-legno-mod-es2-usato-ottime-condizioni\/"},"modified":"2025-11-17T11:47:16","modified_gmt":"2025-11-17T10:47:16","slug":"sechoir-sous-vide-pour-bois-mod-es2-doccasion-excellentes-conditions","status":"publish","type":"post","link":"https:\/\/isve.com\/fr\/doccasion\/sechoir-sous-vide-pour-bois-mod-es2-doccasion-excellentes-conditions\/","title":{"rendered":"S\u00e9choir sous vide pour bois mod. ES2 d\u2019occasion EXCELLENTES CONDITIONS"},"content":{"rendered":"<h2>CARACTERISTIQUES TECHNIQUES ES2 ELECTRIQUE<\/h2>\n<p>S\u00e9choir sous vide pour bois mod. ES2 d\u2019occasion EXCELLENTES CONDITIONS avec chauffage \u00e9lectrique.<\/p>\n<h3>CARACT\u00c9RISTIQUES DE L\u2019AUTOCLAVE<\/h3>\n<ul>\n<li>CARACT\u00c9RISTIQUES DE CONSTRUCTION AISI304, Partiellement isol\u00e9<\/li>\n<li>DIAM\u00c8TRE EXT\u00c9RIEUR 1.000 mm<\/li>\n<li>LONGUEUR DE LA PARTIE CYLINDRIQUE 5.900 mm<\/li>\n<li>LONGUEUR TOTALE DU S\u00c9CHOIR 11.000 mm<\/li>\n<li>PLUS GUIDES DE GLISSEMENT -730 mm Hg<\/li>\n<li>VIDE MAXIMUM DE FONCTIONNEMENT 1.300 kg (avec chariot et 6 plaques)<\/li>\n<\/ul>\n<h3>DIMENSIONS DE LA PILE DE BOIS<\/h3>\n<ul>\n<li>LARGEUR 800 mm<\/li>\n<li>LONGUEUR 5.000 mm<\/li>\n<li>HAUTEUR 700 mm<\/li>\n<li>PLAQUES COMPRISES nr. 8<\/li>\n<li>POIDS DE CHAQUE PLAQUE 40 Kg<\/li>\n<li>VOLUME NET BOIS Env. 2 m3 selon l\u2019\u00e9paisseur du bois.<\/li>\n<\/ul>\n<h3>DISPOSITIFS<\/h3>\n<ul>\n<li>PLAQUES DE CHAUFFAGE N. 8 Plaques de 800x5000x10 mm \u2013 695 kW\/chac.<\/li>\n<li>CONTR\u00d4LEUR DE PUISSANCE ISVE (POUR LES PLAQUES CHAUFFANTES N\u00b0 6) : Syst\u00e8me permettant de contr\u00f4ler le chauffage de chaque plaque individuellement. Il garantit des \u00e9conomies d&#8217;\u00e9nergie (30 %), une uniformit\u00e9 exceptionnelle et un s\u00e9chage rapide.<\/li>\n<li>POMPE A VIDE A HUILE N. 1 \u2013 40 m3\/h \u2013 2,2 KW<\/li>\n<li>CONDENSATEURS INTERNES N. 1 Turbo ventilateurs avec tuyaux en acier inoxydable.<\/li>\n<li>VANNES UNIDIRECTIONNELLES N. 1 Clappet: une de \u00be\u201d pour circuit vide et une de \u00bd pour le condensateur.<\/li>\n<li>SOUPAPE PNEUMATIQUE R\u00c9ENTR\u00c9E D\u2019AIR N. 1 1\u201d pour l\u2019autoclave et N. 1 pour le condensateur.<\/li>\n<li>RETOUR D\u2019AIR MANUEL Vanne \u00e0 bille de 1\u201d<\/li>\n<li>PANNEAU DE CONTR\u00d4LE \u00c9LECTRIQUE N. 1 PLC type Siemens S7-1200, avec \u00e9cran tactile<\/li>\n<li>SONDES D\u2019HUMIDIT\u00c9 N. 2 Doubles sondes pour la lecture de l\u2019humidit\u00e9 centrale et de l\u2019humidit\u00e9 de surface.<\/li>\n<li>SONDES DE TEMP\u00c9RATURE N. 1 Pour lecture coeur bois.<\/li>\n<li>SUPPORTS POUR LES PLAQUES N. 2 Compris.<\/li>\n<li>MANUEL D\u2019INSTRUCTION N. 1 avec certificat CE et sch\u00e9mas \u00e9lectriques<\/li>\n<\/ul>\n<h3>PUISSANCE ELECTRIQUE (SANS LA POMPE A VIDE)<\/h3>\n<ul>\n<li>PUISSANCE \u00c9LECTRIQUE INSTALL\u00c9E 8,0 KW<\/li>\n<li>PUISSANCE HORAIRE MOYENNE ABSORB\u00c9E 3,5 KW\/h<\/li>\n<\/ul>\n<hr \/>\n<p>Pour plus d&#8217;informations, <a href=\"https:\/\/isve.com\/fr\/contacts\/\"><strong>CONTACTEZ-NOUS<\/strong><\/a><\/p>\n","protected":false},"excerpt":{"rendered":"<p>CARACTERISTIQUES TECHNIQUES ES2 ELECTRIQUE S\u00e9choir sous vide pour bois mod. ES2 d\u2019occasion EXCELLENTES CONDITIONS avec chauffage \u00e9lectrique. CARACT\u00c9RISTIQUES DE L\u2019AUTOCLAVE CARACT\u00c9RISTIQUES DE CONSTRUCTION AISI304, Partiellement isol\u00e9 DIAM\u00c8TRE EXT\u00c9RIEUR 1.000 mm LONGUEUR DE LA PARTIE CYLINDRIQUE 5.900 mm LONGUEUR TOTALE DU S\u00c9CHOIR 11.000 mm PLUS GUIDES DE GLISSEMENT -730 mm Hg VIDE MAXIMUM DE FONCTIONNEMENT 1.300&hellip;<\/p>\n","protected":false},"author":1,"featured_media":26890,"comment_status":"closed","ping_status":"closed","sticky":false,"template":"","format":"standard","meta":{"_acf_changed":false,"footnotes":""},"categories":[500],"tags":[],"categorie_case_history":[],"class_list":["post-26892","post","type-post","status-publish","format-standard","has-post-thumbnail","hentry","category-doccasion","category-500","description-off"],"acf":[],"yoast_head":"<!-- This site is optimized with the Yoast SEO plugin v27.4 - https:\/\/yoast.com\/product\/yoast-seo-wordpress\/ -->\n<title>S\u00e9choir sous vide pour bois mod. ES2 d\u2019occasion EXCELLENTES CONDITIONS - ISVE SpA - Traitement du bois - Recyclage - Broyeurs Granulateurs<\/title>\n<meta name=\"robots\" content=\"index, follow, max-snippet:-1, max-image-preview:large, max-video-preview:-1\" \/>\n<link rel=\"canonical\" href=\"https:\/\/isve.com\/fr\/doccasion\/sechoir-sous-vide-pour-bois-mod-es2-doccasion-excellentes-conditions\/\" \/>\n<meta property=\"og:locale\" content=\"fr_FR\" \/>\n<meta property=\"og:type\" content=\"article\" \/>\n<meta property=\"og:title\" content=\"S\u00e9choir sous vide pour bois mod. ES2 d\u2019occasion EXCELLENTES CONDITIONS - ISVE SpA - Traitement du bois - Recyclage - Broyeurs Granulateurs\" \/>\n<meta property=\"og:description\" content=\"CARACTERISTIQUES TECHNIQUES ES2 ELECTRIQUE S\u00e9choir sous vide pour bois mod. ES2 d\u2019occasion EXCELLENTES CONDITIONS avec chauffage \u00e9lectrique. CARACT\u00c9RISTIQUES DE L\u2019AUTOCLAVE CARACT\u00c9RISTIQUES DE CONSTRUCTION AISI304, Partiellement isol\u00e9 DIAM\u00c8TRE EXT\u00c9RIEUR 1.000 mm LONGUEUR DE LA PARTIE CYLINDRIQUE 5.900 mm LONGUEUR TOTALE DU S\u00c9CHOIR 11.000 mm PLUS GUIDES DE GLISSEMENT -730 mm Hg VIDE MAXIMUM DE FONCTIONNEMENT 1.300&hellip;\" \/>\n<meta property=\"og:url\" content=\"https:\/\/isve.com\/fr\/doccasion\/sechoir-sous-vide-pour-bois-mod-es2-doccasion-excellentes-conditions\/\" \/>\n<meta property=\"og:site_name\" content=\"ISVE SpA - Traitement du bois - Recyclage - Broyeurs Granulateurs\" \/>\n<meta property=\"article:published_time\" content=\"2025-11-17T10:34:20+00:00\" \/>\n<meta property=\"article:modified_time\" content=\"2025-11-17T10:47:16+00:00\" \/>\n<meta property=\"og:image\" content=\"https:\/\/isve.com\/wp-content\/uploads\/2025\/11\/es2.jpg\" \/>\n\t<meta property=\"og:image:width\" content=\"1600\" \/>\n\t<meta property=\"og:image:height\" content=\"1331\" \/>\n\t<meta property=\"og:image:type\" content=\"image\/jpeg\" \/>\n<meta name=\"author\" content=\"ammin\" \/>\n<meta name=\"twitter:card\" content=\"summary_large_image\" \/>\n<meta name=\"twitter:label1\" content=\"\u00c9crit par\" \/>\n\t<meta name=\"twitter:data1\" content=\"ammin\" \/>\n\t<meta name=\"twitter:label2\" content=\"Dur\u00e9e de lecture estim\u00e9e\" \/>\n\t<meta name=\"twitter:data2\" content=\"1 minute\" \/>\n<script type=\"application\/ld+json\" class=\"yoast-schema-graph\">{\"@context\":\"https:\\\/\\\/schema.org\",\"@graph\":[{\"@type\":\"Article\",\"@id\":\"https:\\\/\\\/isve.com\\\/fr\\\/doccasion\\\/sechoir-sous-vide-pour-bois-mod-es2-doccasion-excellentes-conditions\\\/#article\",\"isPartOf\":{\"@id\":\"https:\\\/\\\/isve.com\\\/fr\\\/doccasion\\\/sechoir-sous-vide-pour-bois-mod-es2-doccasion-excellentes-conditions\\\/\"},\"author\":{\"name\":\"ammin\",\"@id\":\"https:\\\/\\\/isve.com\\\/fr\\\/#\\\/schema\\\/person\\\/fc42eed7ba512b8507f4132fa2bcd32d\"},\"headline\":\"S\u00e9choir sous vide pour bois mod. ES2 d\u2019occasion EXCELLENTES CONDITIONS\",\"datePublished\":\"2025-11-17T10:34:20+00:00\",\"dateModified\":\"2025-11-17T10:47:16+00:00\",\"mainEntityOfPage\":{\"@id\":\"https:\\\/\\\/isve.com\\\/fr\\\/doccasion\\\/sechoir-sous-vide-pour-bois-mod-es2-doccasion-excellentes-conditions\\\/\"},\"wordCount\":294,\"publisher\":{\"@id\":\"https:\\\/\\\/isve.com\\\/fr\\\/#organization\"},\"image\":{\"@id\":\"https:\\\/\\\/isve.com\\\/fr\\\/doccasion\\\/sechoir-sous-vide-pour-bois-mod-es2-doccasion-excellentes-conditions\\\/#primaryimage\"},\"thumbnailUrl\":\"https:\\\/\\\/isve.com\\\/wp-content\\\/uploads\\\/2025\\\/11\\\/es2.jpg\",\"articleSection\":[\"D&#039;occasion\"],\"inLanguage\":\"fr-FR\"},{\"@type\":\"WebPage\",\"@id\":\"https:\\\/\\\/isve.com\\\/fr\\\/doccasion\\\/sechoir-sous-vide-pour-bois-mod-es2-doccasion-excellentes-conditions\\\/\",\"url\":\"https:\\\/\\\/isve.com\\\/fr\\\/doccasion\\\/sechoir-sous-vide-pour-bois-mod-es2-doccasion-excellentes-conditions\\\/\",\"name\":\"S\u00e9choir sous vide pour bois mod. ES2 d\u2019occasion EXCELLENTES CONDITIONS - ISVE SpA - Traitement du bois - Recyclage - Broyeurs Granulateurs\",\"isPartOf\":{\"@id\":\"https:\\\/\\\/isve.com\\\/fr\\\/#website\"},\"primaryImageOfPage\":{\"@id\":\"https:\\\/\\\/isve.com\\\/fr\\\/doccasion\\\/sechoir-sous-vide-pour-bois-mod-es2-doccasion-excellentes-conditions\\\/#primaryimage\"},\"image\":{\"@id\":\"https:\\\/\\\/isve.com\\\/fr\\\/doccasion\\\/sechoir-sous-vide-pour-bois-mod-es2-doccasion-excellentes-conditions\\\/#primaryimage\"},\"thumbnailUrl\":\"https:\\\/\\\/isve.com\\\/wp-content\\\/uploads\\\/2025\\\/11\\\/es2.jpg\",\"datePublished\":\"2025-11-17T10:34:20+00:00\",\"dateModified\":\"2025-11-17T10:47:16+00:00\",\"breadcrumb\":{\"@id\":\"https:\\\/\\\/isve.com\\\/fr\\\/doccasion\\\/sechoir-sous-vide-pour-bois-mod-es2-doccasion-excellentes-conditions\\\/#breadcrumb\"},\"inLanguage\":\"fr-FR\",\"potentialAction\":[{\"@type\":\"ReadAction\",\"target\":[\"https:\\\/\\\/isve.com\\\/fr\\\/doccasion\\\/sechoir-sous-vide-pour-bois-mod-es2-doccasion-excellentes-conditions\\\/\"]}]},{\"@type\":\"ImageObject\",\"inLanguage\":\"fr-FR\",\"@id\":\"https:\\\/\\\/isve.com\\\/fr\\\/doccasion\\\/sechoir-sous-vide-pour-bois-mod-es2-doccasion-excellentes-conditions\\\/#primaryimage\",\"url\":\"https:\\\/\\\/isve.com\\\/wp-content\\\/uploads\\\/2025\\\/11\\\/es2.jpg\",\"contentUrl\":\"https:\\\/\\\/isve.com\\\/wp-content\\\/uploads\\\/2025\\\/11\\\/es2.jpg\",\"width\":1600,\"height\":1331,\"caption\":\"ES2\"},{\"@type\":\"BreadcrumbList\",\"@id\":\"https:\\\/\\\/isve.com\\\/fr\\\/doccasion\\\/sechoir-sous-vide-pour-bois-mod-es2-doccasion-excellentes-conditions\\\/#breadcrumb\",\"itemListElement\":[{\"@type\":\"ListItem\",\"position\":1,\"name\":\"Home\",\"item\":\"https:\\\/\\\/isve.com\\\/fr\\\/\"},{\"@type\":\"ListItem\",\"position\":2,\"name\":\"S\u00e9choir sous vide pour bois mod. ES2 d\u2019occasion EXCELLENTES CONDITIONS\"}]},{\"@type\":\"WebSite\",\"@id\":\"https:\\\/\\\/isve.com\\\/fr\\\/#website\",\"url\":\"https:\\\/\\\/isve.com\\\/fr\\\/\",\"name\":\"ISVE S.p.A.\",\"description\":\"Syst\u00e8mes de traitement du bois et pour dechiquetage broyage granulation\",\"publisher\":{\"@id\":\"https:\\\/\\\/isve.com\\\/fr\\\/#organization\"},\"potentialAction\":[{\"@type\":\"SearchAction\",\"target\":{\"@type\":\"EntryPoint\",\"urlTemplate\":\"https:\\\/\\\/isve.com\\\/fr\\\/?s={search_term_string}\"},\"query-input\":{\"@type\":\"PropertyValueSpecification\",\"valueRequired\":true,\"valueName\":\"search_term_string\"}}],\"inLanguage\":\"fr-FR\"},{\"@type\":\"Organization\",\"@id\":\"https:\\\/\\\/isve.com\\\/fr\\\/#organization\",\"name\":\"ISVE S.p.A.\",\"url\":\"https:\\\/\\\/isve.com\\\/fr\\\/\",\"logo\":{\"@type\":\"ImageObject\",\"inLanguage\":\"fr-FR\",\"@id\":\"https:\\\/\\\/isve.com\\\/fr\\\/#\\\/schema\\\/logo\\\/image\\\/\",\"url\":\"https:\\\/\\\/isve.com\\\/wp-content\\\/uploads\\\/2026\\\/01\\\/logo-isve-spa.png\",\"contentUrl\":\"https:\\\/\\\/isve.com\\\/wp-content\\\/uploads\\\/2026\\\/01\\\/logo-isve-spa.png\",\"width\":600,\"height\":173,\"caption\":\"ISVE S.p.A.\"},\"image\":{\"@id\":\"https:\\\/\\\/isve.com\\\/fr\\\/#\\\/schema\\\/logo\\\/image\\\/\"},\"sameAs\":[\"https:\\\/\\\/www.linkedin.com\\\/company\\\/69445471\",\"https:\\\/\\\/www.youtube.com\\\/@isves.p.a.8894\"]},{\"@type\":\"Person\",\"@id\":\"https:\\\/\\\/isve.com\\\/fr\\\/#\\\/schema\\\/person\\\/fc42eed7ba512b8507f4132fa2bcd32d\",\"name\":\"ammin\",\"image\":{\"@type\":\"ImageObject\",\"inLanguage\":\"fr-FR\",\"@id\":\"https:\\\/\\\/isve.com\\\/wp-content\\\/litespeed\\\/avatar\\\/52fa28a5e9d118590ae4e2a111b0963c.jpg?ver=1777384486\",\"url\":\"https:\\\/\\\/isve.com\\\/wp-content\\\/litespeed\\\/avatar\\\/52fa28a5e9d118590ae4e2a111b0963c.jpg?ver=1777384486\",\"contentUrl\":\"https:\\\/\\\/isve.com\\\/wp-content\\\/litespeed\\\/avatar\\\/52fa28a5e9d118590ae4e2a111b0963c.jpg?ver=1777384486\",\"caption\":\"ammin\"}}]}<\/script>\n<!-- \/ Yoast SEO plugin. -->","yoast_head_json":{"title":"S\u00e9choir sous vide pour bois mod. ES2 d\u2019occasion EXCELLENTES CONDITIONS - ISVE SpA - Traitement du bois - Recyclage - Broyeurs Granulateurs","robots":{"index":"index","follow":"follow","max-snippet":"max-snippet:-1","max-image-preview":"max-image-preview:large","max-video-preview":"max-video-preview:-1"},"canonical":"https:\/\/isve.com\/fr\/doccasion\/sechoir-sous-vide-pour-bois-mod-es2-doccasion-excellentes-conditions\/","og_locale":"fr_FR","og_type":"article","og_title":"S\u00e9choir sous vide pour bois mod. ES2 d\u2019occasion EXCELLENTES CONDITIONS - ISVE SpA - Traitement du bois - Recyclage - Broyeurs Granulateurs","og_description":"CARACTERISTIQUES TECHNIQUES ES2 ELECTRIQUE S\u00e9choir sous vide pour bois mod. ES2 d\u2019occasion EXCELLENTES CONDITIONS avec chauffage \u00e9lectrique. CARACT\u00c9RISTIQUES DE L\u2019AUTOCLAVE CARACT\u00c9RISTIQUES DE CONSTRUCTION AISI304, Partiellement isol\u00e9 DIAM\u00c8TRE EXT\u00c9RIEUR 1.000 mm LONGUEUR DE LA PARTIE CYLINDRIQUE 5.900 mm LONGUEUR TOTALE DU S\u00c9CHOIR 11.000 mm PLUS GUIDES DE GLISSEMENT -730 mm Hg VIDE MAXIMUM DE FONCTIONNEMENT 1.300&hellip;","og_url":"https:\/\/isve.com\/fr\/doccasion\/sechoir-sous-vide-pour-bois-mod-es2-doccasion-excellentes-conditions\/","og_site_name":"ISVE SpA - Traitement du bois - Recyclage - Broyeurs Granulateurs","article_published_time":"2025-11-17T10:34:20+00:00","article_modified_time":"2025-11-17T10:47:16+00:00","og_image":[{"width":1600,"height":1331,"url":"https:\/\/isve.com\/wp-content\/uploads\/2025\/11\/es2.jpg","type":"image\/jpeg"}],"author":"ammin","twitter_card":"summary_large_image","twitter_misc":{"\u00c9crit par":"ammin","Dur\u00e9e de lecture estim\u00e9e":"1 minute"},"schema":{"@context":"https:\/\/schema.org","@graph":[{"@type":"Article","@id":"https:\/\/isve.com\/fr\/doccasion\/sechoir-sous-vide-pour-bois-mod-es2-doccasion-excellentes-conditions\/#article","isPartOf":{"@id":"https:\/\/isve.com\/fr\/doccasion\/sechoir-sous-vide-pour-bois-mod-es2-doccasion-excellentes-conditions\/"},"author":{"name":"ammin","@id":"https:\/\/isve.com\/fr\/#\/schema\/person\/fc42eed7ba512b8507f4132fa2bcd32d"},"headline":"S\u00e9choir sous vide pour bois mod. ES2 d\u2019occasion EXCELLENTES CONDITIONS","datePublished":"2025-11-17T10:34:20+00:00","dateModified":"2025-11-17T10:47:16+00:00","mainEntityOfPage":{"@id":"https:\/\/isve.com\/fr\/doccasion\/sechoir-sous-vide-pour-bois-mod-es2-doccasion-excellentes-conditions\/"},"wordCount":294,"publisher":{"@id":"https:\/\/isve.com\/fr\/#organization"},"image":{"@id":"https:\/\/isve.com\/fr\/doccasion\/sechoir-sous-vide-pour-bois-mod-es2-doccasion-excellentes-conditions\/#primaryimage"},"thumbnailUrl":"https:\/\/isve.com\/wp-content\/uploads\/2025\/11\/es2.jpg","articleSection":["D&#039;occasion"],"inLanguage":"fr-FR"},{"@type":"WebPage","@id":"https:\/\/isve.com\/fr\/doccasion\/sechoir-sous-vide-pour-bois-mod-es2-doccasion-excellentes-conditions\/","url":"https:\/\/isve.com\/fr\/doccasion\/sechoir-sous-vide-pour-bois-mod-es2-doccasion-excellentes-conditions\/","name":"S\u00e9choir sous vide pour bois mod. ES2 d\u2019occasion EXCELLENTES CONDITIONS - ISVE SpA - Traitement du bois - Recyclage - Broyeurs Granulateurs","isPartOf":{"@id":"https:\/\/isve.com\/fr\/#website"},"primaryImageOfPage":{"@id":"https:\/\/isve.com\/fr\/doccasion\/sechoir-sous-vide-pour-bois-mod-es2-doccasion-excellentes-conditions\/#primaryimage"},"image":{"@id":"https:\/\/isve.com\/fr\/doccasion\/sechoir-sous-vide-pour-bois-mod-es2-doccasion-excellentes-conditions\/#primaryimage"},"thumbnailUrl":"https:\/\/isve.com\/wp-content\/uploads\/2025\/11\/es2.jpg","datePublished":"2025-11-17T10:34:20+00:00","dateModified":"2025-11-17T10:47:16+00:00","breadcrumb":{"@id":"https:\/\/isve.com\/fr\/doccasion\/sechoir-sous-vide-pour-bois-mod-es2-doccasion-excellentes-conditions\/#breadcrumb"},"inLanguage":"fr-FR","potentialAction":[{"@type":"ReadAction","target":["https:\/\/isve.com\/fr\/doccasion\/sechoir-sous-vide-pour-bois-mod-es2-doccasion-excellentes-conditions\/"]}]},{"@type":"ImageObject","inLanguage":"fr-FR","@id":"https:\/\/isve.com\/fr\/doccasion\/sechoir-sous-vide-pour-bois-mod-es2-doccasion-excellentes-conditions\/#primaryimage","url":"https:\/\/isve.com\/wp-content\/uploads\/2025\/11\/es2.jpg","contentUrl":"https:\/\/isve.com\/wp-content\/uploads\/2025\/11\/es2.jpg","width":1600,"height":1331,"caption":"ES2"},{"@type":"BreadcrumbList","@id":"https:\/\/isve.com\/fr\/doccasion\/sechoir-sous-vide-pour-bois-mod-es2-doccasion-excellentes-conditions\/#breadcrumb","itemListElement":[{"@type":"ListItem","position":1,"name":"Home","item":"https:\/\/isve.com\/fr\/"},{"@type":"ListItem","position":2,"name":"S\u00e9choir sous vide pour bois mod. ES2 d\u2019occasion EXCELLENTES CONDITIONS"}]},{"@type":"WebSite","@id":"https:\/\/isve.com\/fr\/#website","url":"https:\/\/isve.com\/fr\/","name":"ISVE S.p.A.","description":"Syst\u00e8mes de traitement du bois et pour dechiquetage broyage granulation","publisher":{"@id":"https:\/\/isve.com\/fr\/#organization"},"potentialAction":[{"@type":"SearchAction","target":{"@type":"EntryPoint","urlTemplate":"https:\/\/isve.com\/fr\/?s={search_term_string}"},"query-input":{"@type":"PropertyValueSpecification","valueRequired":true,"valueName":"search_term_string"}}],"inLanguage":"fr-FR"},{"@type":"Organization","@id":"https:\/\/isve.com\/fr\/#organization","name":"ISVE S.p.A.","url":"https:\/\/isve.com\/fr\/","logo":{"@type":"ImageObject","inLanguage":"fr-FR","@id":"https:\/\/isve.com\/fr\/#\/schema\/logo\/image\/","url":"https:\/\/isve.com\/wp-content\/uploads\/2026\/01\/logo-isve-spa.png","contentUrl":"https:\/\/isve.com\/wp-content\/uploads\/2026\/01\/logo-isve-spa.png","width":600,"height":173,"caption":"ISVE S.p.A."},"image":{"@id":"https:\/\/isve.com\/fr\/#\/schema\/logo\/image\/"},"sameAs":["https:\/\/www.linkedin.com\/company\/69445471","https:\/\/www.youtube.com\/@isves.p.a.8894"]},{"@type":"Person","@id":"https:\/\/isve.com\/fr\/#\/schema\/person\/fc42eed7ba512b8507f4132fa2bcd32d","name":"ammin","image":{"@type":"ImageObject","inLanguage":"fr-FR","@id":"https:\/\/isve.com\/wp-content\/litespeed\/avatar\/52fa28a5e9d118590ae4e2a111b0963c.jpg?ver=1777384486","url":"https:\/\/isve.com\/wp-content\/litespeed\/avatar\/52fa28a5e9d118590ae4e2a111b0963c.jpg?ver=1777384486","contentUrl":"https:\/\/isve.com\/wp-content\/litespeed\/avatar\/52fa28a5e9d118590ae4e2a111b0963c.jpg?ver=1777384486","caption":"ammin"}}]}},"_links":{"self":[{"href":"https:\/\/isve.com\/fr\/wp-json\/wp\/v2\/posts\/26892","targetHints":{"allow":["GET"]}}],"collection":[{"href":"https:\/\/isve.com\/fr\/wp-json\/wp\/v2\/posts"}],"about":[{"href":"https:\/\/isve.com\/fr\/wp-json\/wp\/v2\/types\/post"}],"author":[{"embeddable":true,"href":"https:\/\/isve.com\/fr\/wp-json\/wp\/v2\/users\/1"}],"replies":[{"embeddable":true,"href":"https:\/\/isve.com\/fr\/wp-json\/wp\/v2\/comments?post=26892"}],"version-history":[{"count":2,"href":"https:\/\/isve.com\/fr\/wp-json\/wp\/v2\/posts\/26892\/revisions"}],"predecessor-version":[{"id":26893,"href":"https:\/\/isve.com\/fr\/wp-json\/wp\/v2\/posts\/26892\/revisions\/26893"}],"wp:featuredmedia":[{"embeddable":true,"href":"https:\/\/isve.com\/fr\/wp-json\/wp\/v2\/media\/26890"}],"wp:attachment":[{"href":"https:\/\/isve.com\/fr\/wp-json\/wp\/v2\/media?parent=26892"}],"wp:term":[{"taxonomy":"category","embeddable":true,"href":"https:\/\/isve.com\/fr\/wp-json\/wp\/v2\/categories?post=26892"},{"taxonomy":"post_tag","embeddable":true,"href":"https:\/\/isve.com\/fr\/wp-json\/wp\/v2\/tags?post=26892"},{"taxonomy":"categorie_case_history","embeddable":true,"href":"https:\/\/isve.com\/fr\/wp-json\/wp\/v2\/categorie_case_history?post=26892"}],"curies":[{"name":"wp","href":"https:\/\/api.w.org\/{rel}","templated":true}]}}