{"id":26897,"date":"2025-11-17T11:34:20","date_gmt":"2025-11-17T10:34:20","guid":{"rendered":"https:\/\/isve.com\/noticias\/essiccatoio-sottovuoto-per-legno-mod-es2-usato-ottime-condizioni\/"},"modified":"2026-03-25T15:02:31","modified_gmt":"2026-03-25T14:02:31","slug":"secadero-al-vacio-para-madera-mod-es2-usado-excelentes-condiciones","status":"publish","type":"post","link":"https:\/\/isve.com\/es\/ofertas\/secadero-al-vacio-para-madera-mod-es2-usado-excelentes-condiciones\/","title":{"rendered":"Secadero al vac\u00edo para madera mod. ES2 USADO EXCELENTES CONDICIONES"},"content":{"rendered":"<h2>CARACTER\u00cdSTICAS T\u00c9CNICAS<\/h2>\n<p>Secadero al vac\u00edo para madera mod. ES2 USADO EXCELENTES CONDICIONES con calefacci\u00f3n el\u00e9ctrica<\/p>\n<h3>CARACTER\u00cdSTICAS DEL AUTOCLAVE<\/h3>\n<ul>\n<li>Construcci\u00f3n: Acero inoxidable AISI-304, parcialmente aislado<\/li>\n<li>Di\u00e1metro exterior: 1.000 mm<\/li>\n<li>Longitud de la parte cil\u00edndrica: 5.900 mm<\/li>\n<li>Longitud total del secadero + gu\u00edas de deslizamiento: 11.000 mm<\/li>\n<li>Vac\u00edo m\u00e1ximo de funcionamento: -730 mm Hg<\/li>\n<li>Peso: 1.300 kg (con carro y 6 placas)<\/li>\n<\/ul>\n<h3>DIMENSIONES DE LA CARGA DE MADERA<\/h3>\n<ul>\n<li>Ancho: 800 mm<\/li>\n<li>Longitud: 5.000 mm<\/li>\n<li>Altura: 700 mm<\/li>\n<li>N\u00famero de placas incluidas: 8<\/li>\n<li>Peso de cada placa: 40 kg<\/li>\n<li>Volumen neto de madera: Aprox. 2 m\u00b3 (seg\u00fan el espesor de la madera)<\/li>\n<\/ul>\n<h3>DISPOSITIVOS<\/h3>\n<ul>\n<li>Placas calefactoras: 12 placas de 800x5000x10 mm \u2013 695 kW c\/u<\/li>\n<\/ul>\n<ul>\n<li>CONTROLADOR DE POTENCIA ISVE (PARA PLACAS CALEFACTORAS N.\u00ba 6): Sistema para controlar la calefacci\u00f3n de cada placa individual. Garantiza un ahorro energ\u00e9tico (30 %), una uniformidad excepcional y un secado r\u00e1pido.<\/li>\n<li>Bomba de vac\u00edo de aceite: 1 unidad \u2013 40 m\u00b3\/h \u2013 2,2 kW<\/li>\n<li>Condensadores internos: 1 turbo-ventiladores de 0,55 kW c\/u \u2013 380 VCA, con tuber\u00edas de acero inoxidable<\/li>\n<\/ul>\n<ul>\n<li>V\u00e1lvulas unidireccionales: 1 v\u00e1lvula clapper de \u00be\u201d para el circuito de vac\u00edo y 1 v\u00e1lvula clapper de \u00bd\u201d para el condensadore<\/li>\n<li>V\u00e1lvula neum\u00e1tica de entrada de aire: 1 unidad \u2013 24 VCA, 1\u201d para el autoclave y 1 unidad para al condensadore<\/li>\n<li>Entrada de aire manual: v\u00e1lvula de bola de \u00bd\u201d<\/li>\n<li>Cuadro el\u00e9ctrico de control: 1 unidad con PLC Siemens S7-1200 y panel t\u00e1ctil<\/li>\n<li>Sondas de humedad: 2 sondas dobles para lectura de humedad central y superficial<\/li>\n<li>Sonda de temperatura: 1 unidad para lectura del n\u00facleo de la madera<\/li>\n<li>Soportes porta-placas: 2 unidades incluidas<\/li>\n<li>Manual de instrucciones con certificado CE y esquemas el\u00e9ctricos<\/li>\n<\/ul>\n<h3>POTENCIAS (sin bomba de vac\u00edo)<\/h3>\n<ul>\n<li>Potencia el\u00e9ctrica instalada: 8,0 kW<\/li>\n<li>Potencia media horaria absorbida: 3,5 kWh<\/li>\n<\/ul>\n<p>&nbsp;<\/p>\n<hr \/>\n<p>Para m\u00e1s informaci\u00f3n, <a href=\"https:\/\/isve.com\/es\/contactos\/\"><strong>CONT\u00c1CTANOS<\/strong><\/a><\/p>\n","protected":false},"excerpt":{"rendered":"<p>CARACTER\u00cdSTICAS T\u00c9CNICAS Secadero al vac\u00edo para madera mod. ES2 USADO EXCELENTES CONDICIONES con calefacci\u00f3n el\u00e9ctrica CARACTER\u00cdSTICAS DEL AUTOCLAVE Construcci\u00f3n: Acero inoxidable AISI-304, parcialmente aislado Di\u00e1metro exterior: 1.000 mm Longitud de la parte cil\u00edndrica: 5.900 mm Longitud total del secadero + gu\u00edas de deslizamiento: 11.000 mm Vac\u00edo m\u00e1ximo de funcionamento: -730 mm Hg Peso: 1.300 kg&hellip;<\/p>\n","protected":false},"author":1,"featured_media":26895,"comment_status":"closed","ping_status":"closed","sticky":false,"template":"","format":"standard","meta":{"_acf_changed":false,"footnotes":""},"categories":[501],"tags":[],"categorie_case_history":[],"class_list":["post-26897","post","type-post","status-publish","format-standard","has-post-thumbnail","hentry","category-ofertas","category-501","description-off"],"acf":[],"yoast_head":"<!-- This site is optimized with the Yoast SEO plugin v27.4 - https:\/\/yoast.com\/product\/yoast-seo-wordpress\/ -->\n<title>Secadero al vac\u00edo para madera mod. ES2 USADO EXCELENTES CONDICIONES - ISVE SpA - Tratamiento madera - Reciclaje - Molinos Trituradoras<\/title>\n<meta name=\"robots\" content=\"index, follow, max-snippet:-1, max-image-preview:large, max-video-preview:-1\" \/>\n<link rel=\"canonical\" href=\"https:\/\/isve.com\/es\/ofertas\/secadero-al-vacio-para-madera-mod-es2-usado-excelentes-condiciones\/\" \/>\n<meta property=\"og:locale\" content=\"es_ES\" \/>\n<meta property=\"og:type\" content=\"article\" \/>\n<meta property=\"og:title\" content=\"Secadero al vac\u00edo para madera mod. ES2 USADO EXCELENTES CONDICIONES - ISVE SpA - Tratamiento madera - Reciclaje - Molinos Trituradoras\" \/>\n<meta property=\"og:description\" content=\"CARACTER\u00cdSTICAS T\u00c9CNICAS Secadero al vac\u00edo para madera mod. ES2 USADO EXCELENTES CONDICIONES con calefacci\u00f3n el\u00e9ctrica CARACTER\u00cdSTICAS DEL AUTOCLAVE Construcci\u00f3n: Acero inoxidable AISI-304, parcialmente aislado Di\u00e1metro exterior: 1.000 mm Longitud de la parte cil\u00edndrica: 5.900 mm Longitud total del secadero + gu\u00edas de deslizamiento: 11.000 mm Vac\u00edo m\u00e1ximo de funcionamento: -730 mm Hg Peso: 1.300 kg&hellip;\" \/>\n<meta property=\"og:url\" content=\"https:\/\/isve.com\/es\/ofertas\/secadero-al-vacio-para-madera-mod-es2-usado-excelentes-condiciones\/\" \/>\n<meta property=\"og:site_name\" content=\"ISVE SpA - Tratamiento madera - Reciclaje - Molinos Trituradoras\" \/>\n<meta property=\"article:published_time\" content=\"2025-11-17T10:34:20+00:00\" \/>\n<meta property=\"article:modified_time\" content=\"2026-03-25T14:02:31+00:00\" \/>\n<meta property=\"og:image\" content=\"https:\/\/isve.com\/wp-content\/uploads\/2025\/11\/es2.jpg\" \/>\n\t<meta property=\"og:image:width\" content=\"1600\" \/>\n\t<meta property=\"og:image:height\" content=\"1331\" \/>\n\t<meta property=\"og:image:type\" content=\"image\/jpeg\" \/>\n<meta name=\"author\" content=\"ammin\" \/>\n<meta name=\"twitter:card\" content=\"summary_large_image\" \/>\n<meta name=\"twitter:label1\" content=\"Escrito por\" \/>\n\t<meta name=\"twitter:data1\" content=\"ammin\" \/>\n\t<meta name=\"twitter:label2\" content=\"Tiempo de lectura\" \/>\n\t<meta name=\"twitter:data2\" content=\"1 minuto\" \/>\n<script type=\"application\/ld+json\" class=\"yoast-schema-graph\">{\"@context\":\"https:\\\/\\\/schema.org\",\"@graph\":[{\"@type\":\"Article\",\"@id\":\"https:\\\/\\\/isve.com\\\/es\\\/ofertas\\\/secadero-al-vacio-para-madera-mod-es2-usado-excelentes-condiciones\\\/#article\",\"isPartOf\":{\"@id\":\"https:\\\/\\\/isve.com\\\/es\\\/ofertas\\\/secadero-al-vacio-para-madera-mod-es2-usado-excelentes-condiciones\\\/\"},\"author\":{\"name\":\"ammin\",\"@id\":\"https:\\\/\\\/isve.com\\\/es\\\/#\\\/schema\\\/person\\\/fc42eed7ba512b8507f4132fa2bcd32d\"},\"headline\":\"Secadero al vac\u00edo para madera mod. ES2 USADO EXCELENTES CONDICIONES\",\"datePublished\":\"2025-11-17T10:34:20+00:00\",\"dateModified\":\"2026-03-25T14:02:31+00:00\",\"mainEntityOfPage\":{\"@id\":\"https:\\\/\\\/isve.com\\\/es\\\/ofertas\\\/secadero-al-vacio-para-madera-mod-es2-usado-excelentes-condiciones\\\/\"},\"wordCount\":303,\"publisher\":{\"@id\":\"https:\\\/\\\/isve.com\\\/es\\\/#organization\"},\"image\":{\"@id\":\"https:\\\/\\\/isve.com\\\/es\\\/ofertas\\\/secadero-al-vacio-para-madera-mod-es2-usado-excelentes-condiciones\\\/#primaryimage\"},\"thumbnailUrl\":\"https:\\\/\\\/isve.com\\\/wp-content\\\/uploads\\\/2025\\\/11\\\/es2.jpg\",\"articleSection\":[\"Ofertas\"],\"inLanguage\":\"es\"},{\"@type\":\"WebPage\",\"@id\":\"https:\\\/\\\/isve.com\\\/es\\\/ofertas\\\/secadero-al-vacio-para-madera-mod-es2-usado-excelentes-condiciones\\\/\",\"url\":\"https:\\\/\\\/isve.com\\\/es\\\/ofertas\\\/secadero-al-vacio-para-madera-mod-es2-usado-excelentes-condiciones\\\/\",\"name\":\"Secadero al vac\u00edo para madera mod. ES2 USADO EXCELENTES CONDICIONES - ISVE SpA - Tratamiento madera - Reciclaje - Molinos Trituradoras\",\"isPartOf\":{\"@id\":\"https:\\\/\\\/isve.com\\\/es\\\/#website\"},\"primaryImageOfPage\":{\"@id\":\"https:\\\/\\\/isve.com\\\/es\\\/ofertas\\\/secadero-al-vacio-para-madera-mod-es2-usado-excelentes-condiciones\\\/#primaryimage\"},\"image\":{\"@id\":\"https:\\\/\\\/isve.com\\\/es\\\/ofertas\\\/secadero-al-vacio-para-madera-mod-es2-usado-excelentes-condiciones\\\/#primaryimage\"},\"thumbnailUrl\":\"https:\\\/\\\/isve.com\\\/wp-content\\\/uploads\\\/2025\\\/11\\\/es2.jpg\",\"datePublished\":\"2025-11-17T10:34:20+00:00\",\"dateModified\":\"2026-03-25T14:02:31+00:00\",\"breadcrumb\":{\"@id\":\"https:\\\/\\\/isve.com\\\/es\\\/ofertas\\\/secadero-al-vacio-para-madera-mod-es2-usado-excelentes-condiciones\\\/#breadcrumb\"},\"inLanguage\":\"es\",\"potentialAction\":[{\"@type\":\"ReadAction\",\"target\":[\"https:\\\/\\\/isve.com\\\/es\\\/ofertas\\\/secadero-al-vacio-para-madera-mod-es2-usado-excelentes-condiciones\\\/\"]}]},{\"@type\":\"ImageObject\",\"inLanguage\":\"es\",\"@id\":\"https:\\\/\\\/isve.com\\\/es\\\/ofertas\\\/secadero-al-vacio-para-madera-mod-es2-usado-excelentes-condiciones\\\/#primaryimage\",\"url\":\"https:\\\/\\\/isve.com\\\/wp-content\\\/uploads\\\/2025\\\/11\\\/es2.jpg\",\"contentUrl\":\"https:\\\/\\\/isve.com\\\/wp-content\\\/uploads\\\/2025\\\/11\\\/es2.jpg\",\"width\":1600,\"height\":1331,\"caption\":\"ES2\"},{\"@type\":\"BreadcrumbList\",\"@id\":\"https:\\\/\\\/isve.com\\\/es\\\/ofertas\\\/secadero-al-vacio-para-madera-mod-es2-usado-excelentes-condiciones\\\/#breadcrumb\",\"itemListElement\":[{\"@type\":\"ListItem\",\"position\":1,\"name\":\"Home\",\"item\":\"https:\\\/\\\/isve.com\\\/es\\\/\"},{\"@type\":\"ListItem\",\"position\":2,\"name\":\"Secadero al vac\u00edo para madera mod. ES2 USADO EXCELENTES CONDICIONES\"}]},{\"@type\":\"WebSite\",\"@id\":\"https:\\\/\\\/isve.com\\\/es\\\/#website\",\"url\":\"https:\\\/\\\/isve.com\\\/es\\\/\",\"name\":\"ISVE S.p.A.\",\"description\":\"Sistemas para tratamiento de madera y para trituraci\u00f3n moler granulaci\u00f3n\",\"publisher\":{\"@id\":\"https:\\\/\\\/isve.com\\\/es\\\/#organization\"},\"potentialAction\":[{\"@type\":\"SearchAction\",\"target\":{\"@type\":\"EntryPoint\",\"urlTemplate\":\"https:\\\/\\\/isve.com\\\/es\\\/?s={search_term_string}\"},\"query-input\":{\"@type\":\"PropertyValueSpecification\",\"valueRequired\":true,\"valueName\":\"search_term_string\"}}],\"inLanguage\":\"es\"},{\"@type\":\"Organization\",\"@id\":\"https:\\\/\\\/isve.com\\\/es\\\/#organization\",\"name\":\"ISVE S.p.A.\",\"url\":\"https:\\\/\\\/isve.com\\\/es\\\/\",\"logo\":{\"@type\":\"ImageObject\",\"inLanguage\":\"es\",\"@id\":\"https:\\\/\\\/isve.com\\\/es\\\/#\\\/schema\\\/logo\\\/image\\\/\",\"url\":\"https:\\\/\\\/isve.com\\\/wp-content\\\/uploads\\\/2026\\\/01\\\/logo-isve-spa.png\",\"contentUrl\":\"https:\\\/\\\/isve.com\\\/wp-content\\\/uploads\\\/2026\\\/01\\\/logo-isve-spa.png\",\"width\":600,\"height\":173,\"caption\":\"ISVE S.p.A.\"},\"image\":{\"@id\":\"https:\\\/\\\/isve.com\\\/es\\\/#\\\/schema\\\/logo\\\/image\\\/\"},\"sameAs\":[\"https:\\\/\\\/www.linkedin.com\\\/company\\\/69445471\",\"https:\\\/\\\/www.youtube.com\\\/@isves.p.a.8894\"]},{\"@type\":\"Person\",\"@id\":\"https:\\\/\\\/isve.com\\\/es\\\/#\\\/schema\\\/person\\\/fc42eed7ba512b8507f4132fa2bcd32d\",\"name\":\"ammin\",\"image\":{\"@type\":\"ImageObject\",\"inLanguage\":\"es\",\"@id\":\"https:\\\/\\\/isve.com\\\/wp-content\\\/litespeed\\\/avatar\\\/52fa28a5e9d118590ae4e2a111b0963c.jpg?ver=1777384486\",\"url\":\"https:\\\/\\\/isve.com\\\/wp-content\\\/litespeed\\\/avatar\\\/52fa28a5e9d118590ae4e2a111b0963c.jpg?ver=1777384486\",\"contentUrl\":\"https:\\\/\\\/isve.com\\\/wp-content\\\/litespeed\\\/avatar\\\/52fa28a5e9d118590ae4e2a111b0963c.jpg?ver=1777384486\",\"caption\":\"ammin\"}}]}<\/script>\n<!-- \/ Yoast SEO plugin. -->","yoast_head_json":{"title":"Secadero al vac\u00edo para madera mod. ES2 USADO EXCELENTES CONDICIONES - ISVE SpA - Tratamiento madera - Reciclaje - Molinos Trituradoras","robots":{"index":"index","follow":"follow","max-snippet":"max-snippet:-1","max-image-preview":"max-image-preview:large","max-video-preview":"max-video-preview:-1"},"canonical":"https:\/\/isve.com\/es\/ofertas\/secadero-al-vacio-para-madera-mod-es2-usado-excelentes-condiciones\/","og_locale":"es_ES","og_type":"article","og_title":"Secadero al vac\u00edo para madera mod. ES2 USADO EXCELENTES CONDICIONES - ISVE SpA - Tratamiento madera - Reciclaje - Molinos Trituradoras","og_description":"CARACTER\u00cdSTICAS T\u00c9CNICAS Secadero al vac\u00edo para madera mod. ES2 USADO EXCELENTES CONDICIONES con calefacci\u00f3n el\u00e9ctrica CARACTER\u00cdSTICAS DEL AUTOCLAVE Construcci\u00f3n: Acero inoxidable AISI-304, parcialmente aislado Di\u00e1metro exterior: 1.000 mm Longitud de la parte cil\u00edndrica: 5.900 mm Longitud total del secadero + gu\u00edas de deslizamiento: 11.000 mm Vac\u00edo m\u00e1ximo de funcionamento: -730 mm Hg Peso: 1.300 kg&hellip;","og_url":"https:\/\/isve.com\/es\/ofertas\/secadero-al-vacio-para-madera-mod-es2-usado-excelentes-condiciones\/","og_site_name":"ISVE SpA - Tratamiento madera - Reciclaje - Molinos Trituradoras","article_published_time":"2025-11-17T10:34:20+00:00","article_modified_time":"2026-03-25T14:02:31+00:00","og_image":[{"width":1600,"height":1331,"url":"https:\/\/isve.com\/wp-content\/uploads\/2025\/11\/es2.jpg","type":"image\/jpeg"}],"author":"ammin","twitter_card":"summary_large_image","twitter_misc":{"Escrito por":"ammin","Tiempo de lectura":"1 minuto"},"schema":{"@context":"https:\/\/schema.org","@graph":[{"@type":"Article","@id":"https:\/\/isve.com\/es\/ofertas\/secadero-al-vacio-para-madera-mod-es2-usado-excelentes-condiciones\/#article","isPartOf":{"@id":"https:\/\/isve.com\/es\/ofertas\/secadero-al-vacio-para-madera-mod-es2-usado-excelentes-condiciones\/"},"author":{"name":"ammin","@id":"https:\/\/isve.com\/es\/#\/schema\/person\/fc42eed7ba512b8507f4132fa2bcd32d"},"headline":"Secadero al vac\u00edo para madera mod. ES2 USADO EXCELENTES CONDICIONES","datePublished":"2025-11-17T10:34:20+00:00","dateModified":"2026-03-25T14:02:31+00:00","mainEntityOfPage":{"@id":"https:\/\/isve.com\/es\/ofertas\/secadero-al-vacio-para-madera-mod-es2-usado-excelentes-condiciones\/"},"wordCount":303,"publisher":{"@id":"https:\/\/isve.com\/es\/#organization"},"image":{"@id":"https:\/\/isve.com\/es\/ofertas\/secadero-al-vacio-para-madera-mod-es2-usado-excelentes-condiciones\/#primaryimage"},"thumbnailUrl":"https:\/\/isve.com\/wp-content\/uploads\/2025\/11\/es2.jpg","articleSection":["Ofertas"],"inLanguage":"es"},{"@type":"WebPage","@id":"https:\/\/isve.com\/es\/ofertas\/secadero-al-vacio-para-madera-mod-es2-usado-excelentes-condiciones\/","url":"https:\/\/isve.com\/es\/ofertas\/secadero-al-vacio-para-madera-mod-es2-usado-excelentes-condiciones\/","name":"Secadero al vac\u00edo para madera mod. ES2 USADO EXCELENTES CONDICIONES - ISVE SpA - Tratamiento madera - Reciclaje - Molinos Trituradoras","isPartOf":{"@id":"https:\/\/isve.com\/es\/#website"},"primaryImageOfPage":{"@id":"https:\/\/isve.com\/es\/ofertas\/secadero-al-vacio-para-madera-mod-es2-usado-excelentes-condiciones\/#primaryimage"},"image":{"@id":"https:\/\/isve.com\/es\/ofertas\/secadero-al-vacio-para-madera-mod-es2-usado-excelentes-condiciones\/#primaryimage"},"thumbnailUrl":"https:\/\/isve.com\/wp-content\/uploads\/2025\/11\/es2.jpg","datePublished":"2025-11-17T10:34:20+00:00","dateModified":"2026-03-25T14:02:31+00:00","breadcrumb":{"@id":"https:\/\/isve.com\/es\/ofertas\/secadero-al-vacio-para-madera-mod-es2-usado-excelentes-condiciones\/#breadcrumb"},"inLanguage":"es","potentialAction":[{"@type":"ReadAction","target":["https:\/\/isve.com\/es\/ofertas\/secadero-al-vacio-para-madera-mod-es2-usado-excelentes-condiciones\/"]}]},{"@type":"ImageObject","inLanguage":"es","@id":"https:\/\/isve.com\/es\/ofertas\/secadero-al-vacio-para-madera-mod-es2-usado-excelentes-condiciones\/#primaryimage","url":"https:\/\/isve.com\/wp-content\/uploads\/2025\/11\/es2.jpg","contentUrl":"https:\/\/isve.com\/wp-content\/uploads\/2025\/11\/es2.jpg","width":1600,"height":1331,"caption":"ES2"},{"@type":"BreadcrumbList","@id":"https:\/\/isve.com\/es\/ofertas\/secadero-al-vacio-para-madera-mod-es2-usado-excelentes-condiciones\/#breadcrumb","itemListElement":[{"@type":"ListItem","position":1,"name":"Home","item":"https:\/\/isve.com\/es\/"},{"@type":"ListItem","position":2,"name":"Secadero al vac\u00edo para madera mod. ES2 USADO EXCELENTES CONDICIONES"}]},{"@type":"WebSite","@id":"https:\/\/isve.com\/es\/#website","url":"https:\/\/isve.com\/es\/","name":"ISVE S.p.A.","description":"Sistemas para tratamiento de madera y para trituraci\u00f3n moler granulaci\u00f3n","publisher":{"@id":"https:\/\/isve.com\/es\/#organization"},"potentialAction":[{"@type":"SearchAction","target":{"@type":"EntryPoint","urlTemplate":"https:\/\/isve.com\/es\/?s={search_term_string}"},"query-input":{"@type":"PropertyValueSpecification","valueRequired":true,"valueName":"search_term_string"}}],"inLanguage":"es"},{"@type":"Organization","@id":"https:\/\/isve.com\/es\/#organization","name":"ISVE S.p.A.","url":"https:\/\/isve.com\/es\/","logo":{"@type":"ImageObject","inLanguage":"es","@id":"https:\/\/isve.com\/es\/#\/schema\/logo\/image\/","url":"https:\/\/isve.com\/wp-content\/uploads\/2026\/01\/logo-isve-spa.png","contentUrl":"https:\/\/isve.com\/wp-content\/uploads\/2026\/01\/logo-isve-spa.png","width":600,"height":173,"caption":"ISVE S.p.A."},"image":{"@id":"https:\/\/isve.com\/es\/#\/schema\/logo\/image\/"},"sameAs":["https:\/\/www.linkedin.com\/company\/69445471","https:\/\/www.youtube.com\/@isves.p.a.8894"]},{"@type":"Person","@id":"https:\/\/isve.com\/es\/#\/schema\/person\/fc42eed7ba512b8507f4132fa2bcd32d","name":"ammin","image":{"@type":"ImageObject","inLanguage":"es","@id":"https:\/\/isve.com\/wp-content\/litespeed\/avatar\/52fa28a5e9d118590ae4e2a111b0963c.jpg?ver=1777384486","url":"https:\/\/isve.com\/wp-content\/litespeed\/avatar\/52fa28a5e9d118590ae4e2a111b0963c.jpg?ver=1777384486","contentUrl":"https:\/\/isve.com\/wp-content\/litespeed\/avatar\/52fa28a5e9d118590ae4e2a111b0963c.jpg?ver=1777384486","caption":"ammin"}}]}},"_links":{"self":[{"href":"https:\/\/isve.com\/es\/wp-json\/wp\/v2\/posts\/26897","targetHints":{"allow":["GET"]}}],"collection":[{"href":"https:\/\/isve.com\/es\/wp-json\/wp\/v2\/posts"}],"about":[{"href":"https:\/\/isve.com\/es\/wp-json\/wp\/v2\/types\/post"}],"author":[{"embeddable":true,"href":"https:\/\/isve.com\/es\/wp-json\/wp\/v2\/users\/1"}],"replies":[{"embeddable":true,"href":"https:\/\/isve.com\/es\/wp-json\/wp\/v2\/comments?post=26897"}],"version-history":[{"count":2,"href":"https:\/\/isve.com\/es\/wp-json\/wp\/v2\/posts\/26897\/revisions"}],"predecessor-version":[{"id":26899,"href":"https:\/\/isve.com\/es\/wp-json\/wp\/v2\/posts\/26897\/revisions\/26899"}],"wp:featuredmedia":[{"embeddable":true,"href":"https:\/\/isve.com\/es\/wp-json\/wp\/v2\/media\/26895"}],"wp:attachment":[{"href":"https:\/\/isve.com\/es\/wp-json\/wp\/v2\/media?parent=26897"}],"wp:term":[{"taxonomy":"category","embeddable":true,"href":"https:\/\/isve.com\/es\/wp-json\/wp\/v2\/categories?post=26897"},{"taxonomy":"post_tag","embeddable":true,"href":"https:\/\/isve.com\/es\/wp-json\/wp\/v2\/tags?post=26897"},{"taxonomy":"categorie_case_history","embeddable":true,"href":"https:\/\/isve.com\/es\/wp-json\/wp\/v2\/categorie_case_history?post=26897"}],"curies":[{"name":"wp","href":"https:\/\/api.w.org\/{rel}","templated":true}]}}